{"id":247,"date":"2020-01-27T09:32:00","date_gmt":"2020-01-27T09:32:00","guid":{"rendered":"https:\/\/beautiful-sanderson.3-125-54-37.plesk.page\/?p=247"},"modified":"2022-06-18T18:58:32","modified_gmt":"2022-06-18T18:58:32","slug":"abierto-el-plazo-de-solicitudes","status":"publish","type":"post","link":"https:\/\/acfsevt.es\/index.php\/2020\/01\/27\/abierto-el-plazo-de-solicitudes\/","title":{"rendered":"Abierto el plazo de solicitudes"},"content":{"rendered":"\n<h4 class=\"wp-block-heading\">El Gobierno Vasco ha publicado la apertura de plazo para la presentaci\u00f3n de solicitudes de reconocimiento de v\u00edctimas de vulneraciones de derechos humanos, amparadas por la Ley 12\/2016<\/h4>\n\n\n\n<p>La Junta Directiva de ACFSEVT considera que los que tras la lectura del texto de la ley consideren estar incluidos como afectados pueden solicitar las indemnizaciones que se recogen en la mencionada Ley, por lo que se adjuntan varios enlaces para poder hacerlo:<\/p>\n\n\n\n<p><a href=\"http:\/\/www.euskadi.eus\/declaracion-victima-vulneracion-ddhh-procedimiento-ordinario-ley-12\/2016\/web01-tramite\/es\/\">http:\/\/www.euskadi.eus\/declaracion-victima-vulneracion-ddhh-procedimiento-ordinario-ley-12\/2016\/web01-tramite\/es\/<\/a><\/p>\n\n\n\n<p><a href=\"https:\/\/www.euskadi.eus\/y22-bopv\/es\/bopv2\/datos\/2016\/08\/1603526a.pdf\">https:\/\/www.euskadi.eus\/y22-bopv\/es\/bopv2\/datos\/2016\/08\/1603526a.pdf<\/a><\/p>\n\n\n\n<p>En las redes sociales se viene transmitiendo el siguiente mensaje:<\/p>\n\n\n\n<p>Si eres Guardia Civil, Polic\u00eda Nacional, Funcionario de Prisiones, Juez, Fiscal o perteneces a otro Colectivo que haya sido objetivo de ETA y has vivido en Pa\u00eds Vasco entre 1979 y 1999 (o los familiares en caso de fallecimiento) tienes derecho a una indemnizaci\u00f3n que seg\u00fan los casos asciende a 390.000 euros. Estas indemnizaciones se reconocen en la Ley vasca 12\/2016 (la conocida como ley vasca de abusos policiales). Esta Ley es claramente inconstitucional y pretende legitimar la acci\u00f3n terrorista de ETA declarando a nuestras FyCSE torturadores sin la m\u00e1s m\u00ednima prueba. Pero han cometido un error: no se han dado cuenta que tal como la han redactado T\u00da, que fuiste la verdadera v\u00edctima (por ser objetivo potencial, hayas o no sufrido un atentado) tambi\u00e9n puedes beneficiarte. Y puedes obligarles a construir el verdadero RELATO. Puedes descargarte la instancia en este link y presentarlo en cualquier oficina de Correos de Espa\u00f1a:<\/p>\n\n\n\n<p><a href=\"https:\/\/www.euskadi.eus\/apertura-de-plazo-para-la-presentacion-de-solicitudes-de-reconocimiento-de-victimas-de-vulneraciones-de-derechos-humanos-amparadas-por-la-ley-122016\/web01-s1lehbak\/es\/\">https:\/\/www.euskadi.eus\/apertura-de-plazo-para-la-presentacion-de-solicitudes-de-reconocimiento-de-victimas-de-vulneraciones-de-derechos-humanos-amparadas-por-la-ley-122016\/web01-s1lehbak\/es\/<\/a><\/p>\n\n\n\n<p>Difunde y pide m\u00e1s informaci\u00f3n a tu asociaci\u00f3n o sindicato. Por la MEMORIA y la DIGNIDAD ni un paso atr\u00e1s.<\/p>\n","protected":false},"excerpt":{"rendered":"<p>Plazo abierto para solicitudes de reconocimiento<\/p>\n","protected":false},"author":1,"featured_media":248,"comment_status":"closed","ping_status":"closed","sticky":false,"template":"","format":"standard","meta":{"footnotes":""},"categories":[5],"tags":[33],"class_list":["post-247","post","type-post","status-publish","format-standard","has-post-thumbnail","hentry","category-noticias","tag-solicitudes"],"_links":{"self":[{"href":"https:\/\/acfsevt.es\/index.php\/wp-json\/wp\/v2\/posts\/247","targetHints":{"allow":["GET"]}}],"collection":[{"href":"https:\/\/acfsevt.es\/index.php\/wp-json\/wp\/v2\/posts"}],"about":[{"href":"https:\/\/acfsevt.es\/index.php\/wp-json\/wp\/v2\/types\/post"}],"author":[{"embeddable":true,"href":"https:\/\/acfsevt.es\/index.php\/wp-json\/wp\/v2\/users\/1"}],"replies":[{"embeddable":true,"href":"https:\/\/acfsevt.es\/index.php\/wp-json\/wp\/v2\/comments?post=247"}],"version-history":[{"count":2,"href":"https:\/\/acfsevt.es\/index.php\/wp-json\/wp\/v2\/posts\/247\/revisions"}],"predecessor-version":[{"id":250,"href":"https:\/\/acfsevt.es\/index.php\/wp-json\/wp\/v2\/posts\/247\/revisions\/250"}],"wp:featuredmedia":[{"embeddable":true,"href":"https:\/\/acfsevt.es\/index.php\/wp-json\/wp\/v2\/media\/248"}],"wp:attachment":[{"href":"https:\/\/acfsevt.es\/index.php\/wp-json\/wp\/v2\/media?parent=247"}],"wp:term":[{"taxonomy":"category","embeddable":true,"href":"https:\/\/acfsevt.es\/index.php\/wp-json\/wp\/v2\/categories?post=247"},{"taxonomy":"post_tag","embeddable":true,"href":"https:\/\/acfsevt.es\/index.php\/wp-json\/wp\/v2\/tags?post=247"}],"curies":[{"name":"wp","href":"https:\/\/api.w.org\/{rel}","templated":true}]}}