{"id":459,"date":"2023-06-28T17:26:01","date_gmt":"2023-06-28T17:26:01","guid":{"rendered":"https:\/\/acfsevt.es\/?p=459"},"modified":"2024-06-24T07:16:08","modified_gmt":"2024-06-24T07:16:08","slug":"dia-nacional-de-las-victimas-del-terrorismo-2023","status":"publish","type":"post","link":"https:\/\/acfsevt.es\/index.php\/2023\/06\/28\/dia-nacional-de-las-victimas-del-terrorismo-2023\/","title":{"rendered":"DIA NACIONAL DE LAS VICTIMAS DEL TERRORISMO 2023"},"content":{"rendered":"\n<p>La <strong>Junta Directiva de ACFSEVT<\/strong> ha efectuado en la localidad de Paterna (Valencia) un Acto de Reconocimiento y Homenaje a las V\u00edctimas del Terrorismo en el<strong> D\u00cdA NACIONAL DE LAS VICTIMAS DEL TERRORISMO<\/strong> como viene haciendo desde 2011, fecha en la que se inaugur\u00f3 dicho monumento.<\/p>\n\n\n\n<p>Al acto asistieron el <strong>Alcalde de Paterna<\/strong> y varios concejales de diversos grupos pol\u00edticos del Consistorio de Paterna, representantes de la <strong>Comandancia de la Guardia Civil de Valencia<\/strong>, representantes de la <strong>Comisar\u00eda del Cuerpo Nacional de Polic\u00eda de Paterna<\/strong>, Representantes de la <strong>Polic\u00eda Local de Paterna<\/strong>, representantes de diferentes grupos pol\u00edticos (<strong>PSOE, PP, VOX<\/strong>) representantes de <strong>Fundaci\u00f3n por la Justicia<\/strong>, numerosos asociados, amigos y familiares.<\/p>\n\n\n\n<p>Tras unas palabras de nuestro presidente D. Francisco Zaragoza, se mantuvo un minuto de silencio en respeto por las v\u00edctimas del terrorismo por parte de los asistentes y el Sr. Alcalde junto con nuestro presidente colocaron una corona de laurel en el monumento.<\/p>\n\n\n\n<p>Agradecemos sinceramente la presencia de todos y cada uno de ellos en este Acto de Reconocimiento y Homenaje.<\/p>\n","protected":false},"excerpt":{"rendered":"<p>La Junta Directiva de ACFSEVT ha efectuado en la localidad de Paterna (Valencia) un Acto de Reconocimiento y Homenaje a las V\u00edctimas del Terrorismo en el D\u00cdA NACIONAL DE LAS VICTIMAS DEL TERRORISMO como viene haciendo desde 2011, fecha en la que se inaugur\u00f3 dicho monumento. Al acto asistieron el Alcalde de Paterna y varios [&hellip;]<\/p>\n","protected":false},"author":1,"featured_media":456,"comment_status":"closed","ping_status":"closed","sticky":false,"template":"","format":"standard","meta":{"footnotes":""},"categories":[3,5,6],"tags":[],"class_list":["post-459","post","type-post","status-publish","format-standard","has-post-thumbnail","hentry","category-actividades","category-noticias","category-prensa"],"_links":{"self":[{"href":"https:\/\/acfsevt.es\/index.php\/wp-json\/wp\/v2\/posts\/459","targetHints":{"allow":["GET"]}}],"collection":[{"href":"https:\/\/acfsevt.es\/index.php\/wp-json\/wp\/v2\/posts"}],"about":[{"href":"https:\/\/acfsevt.es\/index.php\/wp-json\/wp\/v2\/types\/post"}],"author":[{"embeddable":true,"href":"https:\/\/acfsevt.es\/index.php\/wp-json\/wp\/v2\/users\/1"}],"replies":[{"embeddable":true,"href":"https:\/\/acfsevt.es\/index.php\/wp-json\/wp\/v2\/comments?post=459"}],"version-history":[{"count":2,"href":"https:\/\/acfsevt.es\/index.php\/wp-json\/wp\/v2\/posts\/459\/revisions"}],"predecessor-version":[{"id":461,"href":"https:\/\/acfsevt.es\/index.php\/wp-json\/wp\/v2\/posts\/459\/revisions\/461"}],"wp:featuredmedia":[{"embeddable":true,"href":"https:\/\/acfsevt.es\/index.php\/wp-json\/wp\/v2\/media\/456"}],"wp:attachment":[{"href":"https:\/\/acfsevt.es\/index.php\/wp-json\/wp\/v2\/media?parent=459"}],"wp:term":[{"taxonomy":"category","embeddable":true,"href":"https:\/\/acfsevt.es\/index.php\/wp-json\/wp\/v2\/categories?post=459"},{"taxonomy":"post_tag","embeddable":true,"href":"https:\/\/acfsevt.es\/index.php\/wp-json\/wp\/v2\/tags?post=459"}],"curies":[{"name":"wp","href":"https:\/\/api.w.org\/{rel}","templated":true}]}}