{"id":505,"date":"2025-11-13T12:38:36","date_gmt":"2025-11-13T12:38:36","guid":{"rendered":"https:\/\/acfsevt.es\/?p=505"},"modified":"2025-11-13T13:02:40","modified_gmt":"2025-11-13T13:02:40","slug":"xiii-jornadas-de-convivencia-y-concienciacion-no-estas-solo","status":"publish","type":"post","link":"https:\/\/acfsevt.es\/index.php\/2025\/11\/13\/xiii-jornadas-de-convivencia-y-concienciacion-no-estas-solo\/","title":{"rendered":"XIII JORNADAS DE CONVIVENCIA Y CONCIENCIACI\u00d3N \u00abNO EST\u00c1S SOLO\u00bb"},"content":{"rendered":"\n<p>La Junta Directiva de ACFSEVT celebrar\u00e1 el d\u00eda 22 de noviembre en las instalaciones del Centro Memorial de las V\u00edctimas del Terrorismo de la ciudad de Vitoria-Gasteiz la <strong>XIII<\/strong> edici\u00f3n de las <strong>Jornadas de Convivencia y Concienciaci\u00f3n<\/strong> <strong>\u00abNO EST\u00c1S SOLO\u00bb<\/strong> que se vienen celebrando anualmente en diferentes localidades de la geograf\u00eda espa\u00f1ola.<\/p>\n\n\n\n<p>Al evento est\u00e1n invitadas autoridades nacionales, auton\u00f3micas y locales; ya han confirmado su asistencia numerosos asociados y representantes de fundaciones y asociaciones de v\u00edctimas del terrorismo que se desplazar\u00e1n desde otras Comunidades Auton\u00f3micas.<\/p>\n\n\n\n<p>Estas Jornadas est\u00e1n sufragadas parcialmente por la Direcci\u00f3n General de Apoyo a V\u00edctimas del Terrorismo del Ministerio del Interior, la Consejer\u00eda de Justicia del Gobierno Vasco y la Fundaci\u00f3n V\u00edctimas del Terrorismo. Colaboran, entre otros, la Fundaci\u00f3n Centro Memorial de las V\u00edctimas del Terrorismo.<\/p>\n\n\n\n<p><\/p>\n","protected":false},"excerpt":{"rendered":"<p>La Junta Directiva de ACFSEVT celebrar\u00e1 el d\u00eda 22 de noviembre en las instalaciones del Centro Memorial de las V\u00edctimas del Terrorismo de la ciudad de Vitoria-Gasteiz la XIII edici\u00f3n de las Jornadas de Convivencia y Concienciaci\u00f3n \u00abNO EST\u00c1S SOLO\u00bb que se vienen celebrando anualmente en diferentes localidades de la geograf\u00eda espa\u00f1ola. Al evento est\u00e1n [&hellip;]<\/p>\n","protected":false},"author":2,"featured_media":503,"comment_status":"closed","ping_status":"closed","sticky":false,"template":"","format":"standard","meta":{"footnotes":""},"categories":[3,5,6,1],"tags":[],"class_list":["post-505","post","type-post","status-publish","format-standard","has-post-thumbnail","hentry","category-actividades","category-noticias","category-prensa","category-uncategorized"],"_links":{"self":[{"href":"https:\/\/acfsevt.es\/index.php\/wp-json\/wp\/v2\/posts\/505","targetHints":{"allow":["GET"]}}],"collection":[{"href":"https:\/\/acfsevt.es\/index.php\/wp-json\/wp\/v2\/posts"}],"about":[{"href":"https:\/\/acfsevt.es\/index.php\/wp-json\/wp\/v2\/types\/post"}],"author":[{"embeddable":true,"href":"https:\/\/acfsevt.es\/index.php\/wp-json\/wp\/v2\/users\/2"}],"replies":[{"embeddable":true,"href":"https:\/\/acfsevt.es\/index.php\/wp-json\/wp\/v2\/comments?post=505"}],"version-history":[{"count":5,"href":"https:\/\/acfsevt.es\/index.php\/wp-json\/wp\/v2\/posts\/505\/revisions"}],"predecessor-version":[{"id":513,"href":"https:\/\/acfsevt.es\/index.php\/wp-json\/wp\/v2\/posts\/505\/revisions\/513"}],"wp:featuredmedia":[{"embeddable":true,"href":"https:\/\/acfsevt.es\/index.php\/wp-json\/wp\/v2\/media\/503"}],"wp:attachment":[{"href":"https:\/\/acfsevt.es\/index.php\/wp-json\/wp\/v2\/media?parent=505"}],"wp:term":[{"taxonomy":"category","embeddable":true,"href":"https:\/\/acfsevt.es\/index.php\/wp-json\/wp\/v2\/categories?post=505"},{"taxonomy":"post_tag","embeddable":true,"href":"https:\/\/acfsevt.es\/index.php\/wp-json\/wp\/v2\/tags?post=505"}],"curies":[{"name":"wp","href":"https:\/\/api.w.org\/{rel}","templated":true}]}}