{"id":55,"date":"2022-06-10T13:28:11","date_gmt":"2022-06-10T13:28:11","guid":{"rendered":"http:\/\/demo.mysterythemes.com\/news-portal-pro-tech\/?p=55"},"modified":"2022-06-18T18:58:31","modified_gmt":"2022-06-18T18:58:31","slug":"black-and-red-drone-with-great-features","status":"publish","type":"post","link":"https:\/\/acfsevt.es\/index.php\/2022\/06\/10\/black-and-red-drone-with-great-features\/","title":{"rendered":"Congreso V\u00edctimas del Terrorismo"},"content":{"rendered":"<h1 class=\"wp-block wp-block-post-title block-editor-block-list__block editor-post-title editor-post-title__input rich-text is-selected\" role=\"textbox\" contenteditable=\"true\" aria-label=\"Escribe un t\u00edtulo\" aria-multiline=\"true\">As\u00ed ser\u00e1 el congreso de v\u00edctimas del terrorismo que preparan el CEU y la Comunidad de Madrid<\/h1>\n<p>Las v\u00edctimas del terrorismo son una referencia \u00e9tica para la sociedad. Simbolizan la defensa de la libertad y el derecho frente a las amenazas de los terroristas\u00bb. Bajo esta premisa, la <b>Fundaci\u00f3n San Pablo CEU<\/b>&nbsp;y la&nbsp;<b>Comunidad de Madrid<\/b>&nbsp;se unen para organizar el I Congreso Internacional de V\u00edctimas del Terrorismo. <a href=\"https:\/\/www.eldebate.com\/espana\/madrid\/20220608\/asi-sera-congreso-victimas-terrorismo-preparan-ceu-comunidad-madrid.html\">Tendr\u00e1 lugar los pr\u00f3ximos d\u00edas&nbsp;<b>14 y 15 de junio<\/b>, en los&nbsp;<b>Teatros de Canal<\/b>, ubicados en la madrile\u00f1a calle de Cea Berm\u00fadez, 1, y se podr\u00e1 seguir tanto de forma presencial como&nbsp;<i>online<\/i>.<\/a><\/p>\n<div class=\"paragraph\">Este congreso reunir\u00e1 a autoridades, especialistas en la materia, tanto a nivel nacional como internacional, y a v\u00edctimas del terrorismo, con el objetivo de&nbsp;<b>dar voz a las v\u00edctimas y honrar su memoria, as\u00ed como abordar los desaf\u00edos<\/b>&nbsp;que se plantean en el siglo XXI en el \u00e1mbito de la seguridad, la memoria, la justicia y la reparaci\u00f3n.<\/div>\n<div class=\"paragraph\">Tendr\u00e1 como presidente de honor al&nbsp;<b>Rey Felipe VI<\/b>, y como parte del comit\u00e9 de honor estar\u00e1n presentes la presidenta madrile\u00f1a,&nbsp;<b>Isabel D\u00edaz Ayuso<\/b>, la presidenta de la Asamblea regional,&nbsp;<b>Eugenia Carballedo<\/b>, el alcalde de Madrid,&nbsp;<b>Jos\u00e9 Luis Mart\u00ednez-Almeida<\/b>, el consejero de Presidencia, Justicia e Interior,&nbsp;<b>Enrique L\u00f3pez<\/b>, el Defensor del Pueblo,&nbsp;<b>\u00c1ngel Gabilondo<\/b>, el presidente de la Fundaci\u00f3n San Pablo CEU,&nbsp;<b>Alfonso Bull\u00f3n de Mendoza<\/b>, y los presidentes de diferentes&nbsp;<b>asociaciones y fundaciones de v\u00edctimas del terrorismo<\/b>&nbsp;con sede en Madrid: la Fundaci\u00f3n V\u00edctimas del Terrorismo, la Asociaci\u00f3n de V\u00edctimas del Terrorismo (AVT), la Asociaci\u00f3n Dignidad y Justicia, la Asociaci\u00f3n 11M, la Fundaci\u00f3n Miguel \u00c1ngel Blanco, la Asociaci\u00f3n Ayuda 11M, la Fundaci\u00f3n Rodolfo Benito Samaniego, la Asociaci\u00f3n Plataforma de Apoyo a las V\u00edctimas del Terrorismo y Vitepaz.<\/div>\n","protected":false},"excerpt":{"rendered":"<p>Los d\u00edas 14 y 15 la capital acoger\u00e1 este encuentro que tiene como objetivo principal dar voz a las v\u00edctimas del terrorismo y honrar su memoria<\/p>\n","protected":false},"author":1,"featured_media":214,"comment_status":"closed","ping_status":"closed","sticky":false,"template":"","format":"standard","meta":{"footnotes":""},"categories":[6],"tags":[],"class_list":["post-55","post","type-post","status-publish","format-standard","has-post-thumbnail","hentry","category-prensa"],"_links":{"self":[{"href":"https:\/\/acfsevt.es\/index.php\/wp-json\/wp\/v2\/posts\/55","targetHints":{"allow":["GET"]}}],"collection":[{"href":"https:\/\/acfsevt.es\/index.php\/wp-json\/wp\/v2\/posts"}],"about":[{"href":"https:\/\/acfsevt.es\/index.php\/wp-json\/wp\/v2\/types\/post"}],"author":[{"embeddable":true,"href":"https:\/\/acfsevt.es\/index.php\/wp-json\/wp\/v2\/users\/1"}],"replies":[{"embeddable":true,"href":"https:\/\/acfsevt.es\/index.php\/wp-json\/wp\/v2\/comments?post=55"}],"version-history":[{"count":4,"href":"https:\/\/acfsevt.es\/index.php\/wp-json\/wp\/v2\/posts\/55\/revisions"}],"predecessor-version":[{"id":270,"href":"https:\/\/acfsevt.es\/index.php\/wp-json\/wp\/v2\/posts\/55\/revisions\/270"}],"wp:featuredmedia":[{"embeddable":true,"href":"https:\/\/acfsevt.es\/index.php\/wp-json\/wp\/v2\/media\/214"}],"wp:attachment":[{"href":"https:\/\/acfsevt.es\/index.php\/wp-json\/wp\/v2\/media?parent=55"}],"wp:term":[{"taxonomy":"category","embeddable":true,"href":"https:\/\/acfsevt.es\/index.php\/wp-json\/wp\/v2\/categories?post=55"},{"taxonomy":"post_tag","embeddable":true,"href":"https:\/\/acfsevt.es\/index.php\/wp-json\/wp\/v2\/tags?post=55"}],"curies":[{"name":"wp","href":"https:\/\/api.w.org\/{rel}","templated":true}]}}